{"id":1226,"date":"2025-09-01T11:12:07","date_gmt":"2025-09-01T10:12:07","guid":{"rendered":"https:\/\/dariah.ie\/wordpress\/?p=1226"},"modified":"2025-09-01T11:13:15","modified_gmt":"2025-09-01T10:13:15","slug":"teangeolaiocht-na-gaeilge-linguistics-of-the-gaelic-languages","status":"publish","type":"post","link":"https:\/\/dariah.ie\/wordpress\/2025\/09\/teangeolaiocht-na-gaeilge-linguistics-of-the-gaelic-languages\/","title":{"rendered":"Teangeola\u00edocht na Gaeilge | Linguistics of the Gaelic Languages"},"content":{"rendered":"\n<p>A conference will be held on the 11 and 12 of September 2025 at the Royal Academy of Ireland, Dublin, to discuss Teangoela\u00edocht na Gaeilge\/Cananachas na G\u00e0idhlig\/The Linguistics of the Gaelic Languages. The conference is a collaboration between the<a href=\"https:\/\/www.ria.ie\/research-programmes\/focloir-stairiuil-na-gaeilge\/\">&nbsp;Focl\u00f3ir Stairi\u00fail na Gaeilge<\/a>&nbsp;and the&nbsp;<a href=\"https:\/\/www.ria.ie\/work\/multidisciplinary-work\/coiste-leann-na-gaeilge\/\">Committee for Irish Language and Celtic Studies<\/a>.<\/p>\n\n\n\n<p>The Thursday will conclude with a reception and book launch,\u00a0<em>Craobh eolais \u2013 a Festschrift for Ruair\u00ed \u00d3 hUiginn<\/em>, edited by Gregory Toner, L\u00e1ra N\u00ed Mhaol\u00e1in &amp; Fionnt\u00e1n de Br\u00fan<\/p>\n\n\n\n<hr class=\"wp-block-separator has-alpha-channel-opacity\"\/>\n\n\n\n<p>Tion\u00f3lfar comhdh\u00e1il ar an 11\u00fa agus 12\u00fa l\u00e1 de Mhe\u00e1n F\u00f3mhair 2025 in Acadamh R\u00edoga na h\u00c9ireann, Baile \u00c1tha Cliath, ina gcuirfear Teangeola\u00edocht na Gaeilge\/Cananachas na G\u00e0idhlig\/The Linguistics of the Gaelic Languages faoi chaibidil. Beidh an chomhdh\u00e1il \u00e1 re\u00e1cht\u00e1il faoi choimirce\u00a0<a href=\"https:\/\/www.ria.ie\/research-programmes\/focloir-stairiuil-na-gaeilge\/\">Fhocl\u00f3ir Stairi\u00fail na Gaeilge<\/a>\u00a0agus\u00a0<a href=\"https:\/\/www.ria.ie\/work\/multidisciplinary-work\/coiste-leann-na-gaeilge\/\">Coiste L\u00e9ann na Gaeilge agus an L\u00e9inn Cheiltigh<\/a>, Acadamh R\u00edoga na h\u00c9ireann.<\/p>\n\n\n\n<p>Cr\u00edochn\u00f3idh an D\u00e9ardaoin le f\u00e1ilti\u00fa agus seoladh leabhair,&nbsp;<em>Craobh eolais \u2013 a Festschrift for Ruair\u00ed \u00d3 hUiginn<\/em>, in eagar ag Gregory Toner, L\u00e1ra N\u00ed Mhaol\u00e1in &amp; Fionnt\u00e1n de Br\u00fan.<\/p>\n\n\n\n<p>To register: <a href=\"https:\/\/www.tickettailor.com\/events\/royalirishacademy\/1759077\">https:\/\/www.tickettailor.com\/events\/royalirishacademy\/1759077<\/a><\/p>\n","protected":false},"excerpt":{"rendered":"<p>A conference will be held on the 11 and 12 of September 2025 at the Royal Academy of Ireland, Dublin, to discuss Teangoela\u00edocht na Gaeilge\/Cananachas na G\u00e0idhlig\/The Linguistics of the Gaelic Languages. The conference is a collaboration between the&nbsp;Focl\u00f3ir Stairi\u00fail na Gaeilge&nbsp;and the&nbsp;Committee for Irish Language and Celtic Studies. The Thursday will conclude with a &#8230; <span class=\"more\"><a class=\"more-link\" href=\"https:\/\/dariah.ie\/wordpress\/2025\/09\/teangeolaiocht-na-gaeilge-linguistics-of-the-gaelic-languages\/\">[Read more&#8230;]<\/a><\/span><\/p>\n","protected":false},"author":8,"featured_media":0,"comment_status":"open","ping_status":"closed","sticky":false,"template":"","format":"standard","meta":{"jetpack_post_was_ever_published":false,"_jetpack_newsletter_access":"","_jetpack_dont_email_post_to_subs":false,"_jetpack_newsletter_tier_id":0,"_jetpack_memberships_contains_paywalled_content":false,"_jetpack_memberships_contains_paid_content":false,"footnotes":"","jetpack_publicize_message":"","jetpack_publicize_feature_enabled":true,"jetpack_social_post_already_shared":false,"jetpack_social_options":{"image_generator_settings":{"template":"highway","default_image_id":0,"font":"","enabled":false},"version":2}},"categories":[103,9,12,13],"tags":[],"class_list":{"0":"entry","1":"post","2":"publish","3":"author-joan-y-murphytcd-ie","4":"post-1226","6":"format-standard","7":"category-digital-humanities","8":"category-events","9":"category-humanities","10":"category-ireland"},"jetpack_publicize_connections":[],"jetpack_featured_media_url":"","jetpack_sharing_enabled":true,"jetpack_shortlink":"https:\/\/wp.me\/p9zaVM-jM","_links":{"self":[{"href":"https:\/\/dariah.ie\/wordpress\/wp-json\/wp\/v2\/posts\/1226","targetHints":{"allow":["GET"]}}],"collection":[{"href":"https:\/\/dariah.ie\/wordpress\/wp-json\/wp\/v2\/posts"}],"about":[{"href":"https:\/\/dariah.ie\/wordpress\/wp-json\/wp\/v2\/types\/post"}],"author":[{"embeddable":true,"href":"https:\/\/dariah.ie\/wordpress\/wp-json\/wp\/v2\/users\/8"}],"replies":[{"embeddable":true,"href":"https:\/\/dariah.ie\/wordpress\/wp-json\/wp\/v2\/comments?post=1226"}],"version-history":[{"count":1,"href":"https:\/\/dariah.ie\/wordpress\/wp-json\/wp\/v2\/posts\/1226\/revisions"}],"predecessor-version":[{"id":1227,"href":"https:\/\/dariah.ie\/wordpress\/wp-json\/wp\/v2\/posts\/1226\/revisions\/1227"}],"wp:attachment":[{"href":"https:\/\/dariah.ie\/wordpress\/wp-json\/wp\/v2\/media?parent=1226"}],"wp:term":[{"taxonomy":"category","embeddable":true,"href":"https:\/\/dariah.ie\/wordpress\/wp-json\/wp\/v2\/categories?post=1226"},{"taxonomy":"post_tag","embeddable":true,"href":"https:\/\/dariah.ie\/wordpress\/wp-json\/wp\/v2\/tags?post=1226"}],"curies":[{"name":"wp","href":"https:\/\/api.w.org\/{rel}","templated":true}]}}